{"id":21307,"date":"2025-09-17T17:07:10","date_gmt":"2025-09-17T15:07:10","guid":{"rendered":"http:\/\/gtec-power.eu\/non-classifiee\/libra-pro-potente-affidabile-e-progettato-per-carichi-critici\/"},"modified":"2025-12-11T13:28:10","modified_gmt":"2025-12-11T11:28:10","slug":"libra-pro-puissant-fiable-et-concu-pour-les-charges-critiques","status":"publish","type":"post","link":"https:\/\/gtec-power.eu\/fr\/nouvelles\/libra-pro-puissant-fiable-et-concu-pour-les-charges-critiques\/","title":{"rendered":"LIBRA PRO : puissant, fiable et con\u00e7u pour les charges critiques"},"content":{"rendered":"<p>[et_pb_section fb_built=&#8221;1&#8243; admin_label=&#8221;section&#8221; _builder_version=&#8221;4.16&#8243; global_colors_info=&#8221;{}&#8221;][et_pb_row admin_label=&#8221;row&#8221; _builder_version=&#8221;4.16&#8243; background_size=&#8221;initial&#8221; background_position=&#8221;top_left&#8221; background_repeat=&#8221;repeat&#8221; global_colors_info=&#8221;{}&#8221;][et_pb_column type=&#8221;4_4&#8243; _builder_version=&#8221;4.16&#8243; custom_padding=&#8221;|||&#8221; global_colors_info=&#8221;{}&#8221; custom_padding__hover=&#8221;|||&#8221;][et_pb_text admin_label=&#8221;Text&#8221; _builder_version=&#8221;4.16&#8243; background_size=&#8221;initial&#8221; background_position=&#8221;top_left&#8221; background_repeat=&#8221;repeat&#8221; use_border_color=&#8221;off&#8221; border_color=&#8221;#ffffff&#8221; border_style=&#8221;solid&#8221; global_colors_info=&#8221;{}&#8221;]<\/p>\n<p data-start=\"195\" data-end=\"455\">Aujourd\u2019hui, nous souhaitons attirer votre attention sur notre onduleur <strong data-start=\"267\" data-end=\"280\">Libra Pro<\/strong>, un syst\u00e8me triphas\u00e9 qui, depuis des ann\u00e9es, se distingue par sa robustesse et sa fiabilit\u00e9. Il repr\u00e9sente le choix id\u00e9al pour prot\u00e9ger m\u00eame les charges les plus critiques.<\/p>\n<p data-start=\"457\" data-end=\"506\">Mais quels sont les atouts majeurs de cet UPS ?<\/p>\n<p>&nbsp;<br \/>\n[\/et_pb_text][et_pb_text admin_label=&#8221;Text&#8221; _builder_version=&#8221;4.16&#8243; background_size=&#8221;initial&#8221; background_position=&#8221;top_left&#8221; background_repeat=&#8221;repeat&#8221; use_border_color=&#8221;off&#8221; border_color=&#8221;#ffffff&#8221; border_style=&#8221;solid&#8221; global_colors_info=&#8221;{}&#8221;]<\/p>\n<ul>\n<li>\n<h3><strong>Polyvalence et flexibilit\u00e9<\/strong><\/h3>\n<p>L\u2019onduleur <strong data-start=\"555\" data-end=\"568\">Libra Pro<\/strong> s\u2019adapte parfaitement \u00e0 tout environnement op\u00e9rationnel, gr\u00e2ce \u00e0 une large gamme de configurations disponibles. Il peut \u00eatre configur\u00e9 en mode 3:1 (de 10 \u00e0 100 kVA) ou en mode 3:3 (jusqu\u2019\u00e0 800 kVA). Il est \u00e9galement possible de choisir entre un redresseur IGBT ou SCR (Silicon Controlled Rectifier), ainsi qu\u2019entre un facteur de puissance de 1 ou de 0,9.<\/li>\n<\/ul>\n<p>[\/et_pb_text][et_pb_image src=&#8221;https:\/\/gtec-power.eu\/wp-content\/uploads\/2025\/09\/LIBRA-PRO_Versatilit\u00e0_blog.jpg&#8221; align=&#8221;center&#8221; force_fullwidth=&#8221;on&#8221; align_tablet=&#8221;center&#8221; align_last_edited=&#8221;on|desktop&#8221; admin_label=&#8221;Image&#8221; _builder_version=&#8221;4.16&#8243; custom_margin=&#8221;||60px|&#8221; use_border_color=&#8221;off&#8221; border_color=&#8221;#ffffff&#8221; border_style=&#8221;solid&#8221; animation=&#8221;off&#8221; sticky=&#8221;off&#8221; always_center_on_mobile=&#8221;on&#8221; global_colors_info=&#8221;{}&#8221; align_phone=&#8221;center&#8221;]&nbsp;<br \/>\n[\/et_pb_image][et_pb_divider color=&#8221;#6b6b6b&#8221; divider_position=&#8221;bottom&#8221; disabled_on=&#8221;off|off|off&#8221; admin_label=&#8221;Divider&#8221; _builder_version=&#8221;4.16&#8243; hide_on_mobile=&#8221;off&#8221; saved_tabs=&#8221;all&#8221; global_colors_info=&#8221;{}&#8221;]&nbsp;<br \/>\n[\/et_pb_divider][et_pb_text admin_label=&#8221;Text&#8221; _builder_version=&#8221;4.16&#8243; background_size=&#8221;initial&#8221; background_position=&#8221;top_left&#8221; background_repeat=&#8221;repeat&#8221; custom_padding=&#8221;20px|||&#8221; use_border_color=&#8221;off&#8221; border_color=&#8221;#ffffff&#8221; border_style=&#8221;solid&#8221; global_colors_info=&#8221;{}&#8221;]<\/p>\n<ul>\n<li style=\"list-style-type: none;\">\n<ul>\n<li style=\"list-style-type: none;\">\n<ul>\n<li>\n<h3><strong>Robustesse et fiabilit\u00e9 in\u00e9gal\u00e9es<\/strong><\/h3>\n<p>Libra Pro est synonyme de fiabilit\u00e9 sur le march\u00e9 gr\u00e2ce \u00e0 son transformateur d\u2019isolement sur l\u2019onduleur, \u00e0 son bypass manuel et \u00e0 un syst\u00e8me de ventilation hautement performant. Il constitue la solution id\u00e9ale pour prot\u00e9ger les charges critiques, m\u00eame dans les conditions les plus extr\u00eames.<\/li>\n<\/ul>\n<\/li>\n<\/ul>\n<\/li>\n<\/ul>\n<p>[\/et_pb_text][et_pb_image src=&#8221;https:\/\/gtec-power.eu\/wp-content\/uploads\/2025\/09\/LIBRA-PRO_Trasformatore_blog.jpg&#8221; align=&#8221;center&#8221; force_fullwidth=&#8221;on&#8221; align_tablet=&#8221;center&#8221; align_last_edited=&#8221;on|desktop&#8221; admin_label=&#8221;Image&#8221; _builder_version=&#8221;4.16&#8243; custom_margin=&#8221;||100px|&#8221; use_border_color=&#8221;off&#8221; border_color=&#8221;#ffffff&#8221; border_style=&#8221;solid&#8221; animation=&#8221;off&#8221; sticky=&#8221;off&#8221; always_center_on_mobile=&#8221;on&#8221; global_colors_info=&#8221;{}&#8221; align_phone=&#8221;center&#8221;]&nbsp;<\/p>\n<ul>\n<li style=\"list-style-type: none;\">\n<ul>[\/et_pb_image][et_pb_divider color=&#8221;#6b6b6b&#8221; divider_position=&#8221;bottom&#8221; disabled_on=&#8221;off|off|off&#8221; admin_label=&#8221;Divider&#8221; _builder_version=&#8221;4.16&#8243; hide_on_mobile=&#8221;off&#8221; saved_tabs=&#8221;all&#8221; global_colors_info=&#8221;{}&#8221;]<\/ul>\n<\/li>\n<\/ul>\n<p>&nbsp;<\/p>\n<ul>\n<li style=\"list-style-type: none;\">\n<ul>\n<li style=\"list-style-type: none;\">\n<ul>[\/et_pb_divider][et_pb_text admin_label=&#8221;Text&#8221; _builder_version=&#8221;4.16&#8243; background_size=&#8221;initial&#8221; background_position=&#8221;top_left&#8221; background_repeat=&#8221;repeat&#8221; custom_padding=&#8221;20px|||&#8221; use_border_color=&#8221;off&#8221; border_color=&#8221;#ffffff&#8221; border_style=&#8221;solid&#8221; global_colors_info=&#8221;{}&#8221;] \t<\/p>\n<li style=\"list-style-type: none;\">\n<ul>\n<li style=\"list-style-type: none;\">\n<ul>\n<li style=\"list-style-type: none;\">\n<ul>\n<li>\n<h3><strong>Maintenance simplifi\u00e9e<\/strong><\/h3>\n<p>La conception du Libra Pro, centr\u00e9e sur la facilit\u00e9 de maintenance, a \u00e9t\u00e9 largement appr\u00e9ci\u00e9e par nos clients au fil du temps. Avec des composants \u00e9lectroniques accessibles depuis la fa\u00e7ade de l\u2019armoire et des ventilateurs facilement interchangeables, les interventions sont rapides et simples, minimisant ainsi les temps d\u2019arr\u00eat.<\/li>\n<\/ul>\n<\/li>\n<\/ul>\n<\/li>\n<\/ul>\n<\/li>\n<\/ul>\n<\/li>\n<\/ul>\n<p>[\/et_pb_text][et_pb_image src=&#8221;https:\/\/gtec-power.eu\/wp-content\/uploads\/2025\/09\/LIBRA-PRO_Ventole_blog.jpg&#8221; align=&#8221;center&#8221; force_fullwidth=&#8221;on&#8221; align_tablet=&#8221;center&#8221; align_last_edited=&#8221;on|desktop&#8221; admin_label=&#8221;Image&#8221; _builder_version=&#8221;4.16&#8243; custom_margin=&#8221;||100px|&#8221; use_border_color=&#8221;off&#8221; border_color=&#8221;#ffffff&#8221; border_style=&#8221;solid&#8221; animation=&#8221;off&#8221; sticky=&#8221;off&#8221; always_center_on_mobile=&#8221;on&#8221; global_colors_info=&#8221;{}&#8221; align_phone=&#8221;center&#8221;]<\/li>\n<\/ul>\n<p>&nbsp;<\/p>\n<ul>\n<li style=\"list-style-type: none;\">\n<ul>\n<li style=\"list-style-type: none;\">\n<ul>[\/et_pb_image][et_pb_divider color=&#8221;#6b6b6b&#8221; divider_position=&#8221;bottom&#8221; disabled_on=&#8221;off|off|off&#8221; admin_label=&#8221;Divider&#8221; _builder_version=&#8221;4.16&#8243; hide_on_mobile=&#8221;off&#8221; saved_tabs=&#8221;all&#8221; global_colors_info=&#8221;{}&#8221;]<\/ul>\n<\/li>\n<\/ul>\n<\/li>\n<\/ul>\n<p>&nbsp;<\/p>\n<ul>\n<li style=\"list-style-type: none;\">\n<ul>\n<li style=\"list-style-type: none;\">\n<ul>\n<li style=\"list-style-type: none;\">\n<ul>\n<li style=\"list-style-type: none;\">\n<ul>\n<li style=\"list-style-type: none;\">\n<ul>[\/et_pb_divider][et_pb_text admin_label=&#8221;Text&#8221; _builder_version=&#8221;4.16&#8243; background_size=&#8221;initial&#8221; background_position=&#8221;top_left&#8221; background_repeat=&#8221;repeat&#8221; custom_padding=&#8221;20px|||&#8221; use_border_color=&#8221;off&#8221; border_color=&#8221;#ffffff&#8221; border_style=&#8221;solid&#8221; global_colors_info=&#8221;{}&#8221;] \t<\/p>\n<li style=\"list-style-type: none;\">\n<ul>\n<li style=\"list-style-type: none;\">\n<ul>\n<li style=\"list-style-type: none;\">\n<ul>\n<li>\n<h3><strong>Technologie avanc\u00e9e<\/strong><\/h3>\n<p>L\u2019UPS est \u00e9quip\u00e9 de technologies de pointe telles que le contr\u00f4le par microprocesseur DSP et un syst\u00e8me intelligent de recharge des batteries, garantissant un fonctionnement optimal et une protection compl\u00e8te.<\/li>\n<\/ul>\n<\/li>\n<\/ul>\n<\/li>\n<\/ul>\n<\/li>\n<\/ul>\n<\/li>\n<\/ul>\n<p>[\/et_pb_text][et_pb_image src=&#8221;https:\/\/gtec-power.eu\/wp-content\/uploads\/2025\/09\/LIBRA-PRO_Tecnologia-avanzata_blog.jpg&#8221; align=&#8221;center&#8221; force_fullwidth=&#8221;on&#8221; align_tablet=&#8221;center&#8221; align_last_edited=&#8221;on|desktop&#8221; admin_label=&#8221;Image&#8221; _builder_version=&#8221;4.16&#8243; custom_margin=&#8221;||100px|&#8221; use_border_color=&#8221;off&#8221; border_color=&#8221;#ffffff&#8221; border_style=&#8221;solid&#8221; animation=&#8221;off&#8221; sticky=&#8221;off&#8221; always_center_on_mobile=&#8221;on&#8221; global_colors_info=&#8221;{}&#8221; align_phone=&#8221;center&#8221;]<\/li>\n<\/ul>\n<\/li>\n<\/ul>\n<p>&nbsp;<\/p>\n<ul>\n<li style=\"list-style-type: none;\">\n<ul>\n<li style=\"list-style-type: none;\">\n<ul>[\/et_pb_image][et_pb_divider color=&#8221;#6b6b6b&#8221; divider_position=&#8221;bottom&#8221; disabled_on=&#8221;off|off|off&#8221; admin_label=&#8221;Divider&#8221; _builder_version=&#8221;4.16&#8243; hide_on_mobile=&#8221;off&#8221; saved_tabs=&#8221;all&#8221; global_colors_info=&#8221;{}&#8221;]<\/ul>\n<\/li>\n<\/ul>\n<\/li>\n<\/ul>\n<p>&nbsp;<\/p>\n<ul>\n<li style=\"list-style-type: none;\">\n<ul>\n<li style=\"list-style-type: none;\">\n<ul>\n<li style=\"list-style-type: none;\">\n<ul>\n<li style=\"list-style-type: none;\">\n<ul>[\/et_pb_divider][et_pb_text admin_label=&#8221;Text&#8221; _builder_version=&#8221;4.16&#8243; background_size=&#8221;initial&#8221; background_position=&#8221;top_left&#8221; background_repeat=&#8221;repeat&#8221; custom_padding=&#8221;20px|||&#8221; use_border_color=&#8221;off&#8221; border_color=&#8221;#ffffff&#8221; border_style=&#8221;solid&#8221; global_colors_info=&#8221;{}&#8221;] \t<\/p>\n<li style=\"list-style-type: none;\">\n<ul>\n<li style=\"list-style-type: none;\">\n<ul>\n<li>\n<h3><strong>Communication compl\u00e8te<\/strong><\/h3>\n<p>Libra Pro dispose d\u2019un \u00e9cran multilingue permettant de g\u00e9rer et de surveiller efficacement les principaux param\u00e8tres de fonctionnement. Il est en outre dot\u00e9 d\u2019options de connexion telles que RS232, SNMP, JBUS\/ModBUS et ProfiBUS.<\/li>\n<\/ul>\n<\/li>\n<\/ul>\n<\/li>\n<\/ul>\n<\/li>\n<\/ul>\n<p>[\/et_pb_text][et_pb_image src=&#8221;https:\/\/gtec-power.eu\/wp-content\/uploads\/2025\/09\/LIBRA-PRO_Display_blog.jpg&#8221; align=&#8221;center&#8221; force_fullwidth=&#8221;on&#8221; align_tablet=&#8221;center&#8221; align_last_edited=&#8221;on|desktop&#8221; admin_label=&#8221;Image&#8221; _builder_version=&#8221;4.16&#8243; custom_margin=&#8221;||100px|&#8221; use_border_color=&#8221;off&#8221; border_color=&#8221;#ffffff&#8221; border_style=&#8221;solid&#8221; animation=&#8221;off&#8221; sticky=&#8221;off&#8221; always_center_on_mobile=&#8221;on&#8221; global_colors_info=&#8221;{}&#8221; align_phone=&#8221;center&#8221;]<\/li>\n<\/ul>\n<\/li>\n<\/ul>\n<p>&nbsp;<\/p>\n<ul>\n<li style=\"list-style-type: none;\">\n<ul>\n<li style=\"list-style-type: none;\">\n<ul>\n<li style=\"list-style-type: none;\">\n<ul>\n<li style=\"list-style-type: none;\">\n<ul>[\/et_pb_image][et_pb_text admin_label=&#8221;Text&#8221; _builder_version=&#8221;4.16&#8243; background_size=&#8221;initial&#8221; background_position=&#8221;top_left&#8221; background_repeat=&#8221;repeat&#8221; custom_padding=&#8221;||30px|&#8221; use_border_color=&#8221;off&#8221; border_color=&#8221;#ffffff&#8221; border_style=&#8221;solid&#8221; global_colors_info=&#8221;{}&#8221;]<\/ul>\n<\/li>\n<\/ul>\n<p>Avec ses caract\u00e9ristiques techniques et sa robustesse \u00e9prouv\u00e9e, Libra Pro fait partie des syst\u00e8mes les plus choisis et appr\u00e9ci\u00e9s dans les secteurs les plus exigeants : t\u00e9l\u00e9communications, applications m\u00e9dicales, transports et industrie.<\/p>\n<p>T\u00e9l\u00e9chargez la brochure d\u00e9di\u00e9e pour en savoir plus.<\/p>\n<ul>\n<li style=\"list-style-type: none;\">\n<ul>\n<li style=\"list-style-type: none;\">\n<ul>\n<li style=\"list-style-type: none;\">\n<ul>\n<li style=\"list-style-type: none;\">\n<ul>\n<li style=\"list-style-type: none;\">\n<ul>\n<li style=\"list-style-type: none;\"><\/li>\n<\/ul>\n<\/li>\n<\/ul>\n<\/li>\n<\/ul>\n<\/li>\n<\/ul>\n<\/li>\n<\/ul>\n<\/li>\n<\/ul>\n<p>[\/et_pb_text][et_pb_button button_url=&#8221;https:\/\/gtec-power.eu\/wp-content\/uploads\/2025\/09\/LIBRA-PRO_FRA_WEB_Rev-2025-07.pdf&#8221; url_new_window=&#8221;on&#8221; button_text=&#8221;T\u00e9l\u00e8chargez la brochure&#8221; button_alignment=&#8221;center&#8221; admin_label=&#8221;Button&#8221; _builder_version=&#8221;4.16&#8243; custom_button=&#8221;on&#8221; button_text_size=&#8221;16&#8243; button_text_color=&#8221;#000000&#8243; button_bg_color=&#8221;#28efd5&#8243; button_border_width=&#8221;0&#8243; button_border_radius=&#8221;100&#8243; button_font=&#8221;|on|||&#8221; button_icon=&#8221;&#x35;||divi||400&#8243; button_text_color_hover=&#8221;#000000&#8243; button_letter_spacing_hover=&#8221;0&#8243; button_bg_color_hover=&#8221;#a6f4ef&#8221; saved_tabs=&#8221;all&#8221; global_colors_info=&#8221;{}&#8221; button_text_size__hover_enabled=&#8221;off&#8221; button_one_text_size__hover_enabled=&#8221;off&#8221; button_two_text_size__hover_enabled=&#8221;off&#8221; button_text_color__hover_enabled=&#8221;on&#8221; button_text_color__hover=&#8221;#000000&#8243; button_one_text_color__hover_enabled=&#8221;off&#8221; button_two_text_color__hover_enabled=&#8221;off&#8221; button_border_width__hover_enabled=&#8221;off&#8221; button_one_border_width__hover_enabled=&#8221;off&#8221; button_two_border_width__hover_enabled=&#8221;off&#8221; button_border_color__hover_enabled=&#8221;off&#8221; button_one_border_color__hover_enabled=&#8221;off&#8221; button_two_border_color__hover_enabled=&#8221;off&#8221; button_border_radius__hover_enabled=&#8221;off&#8221; button_one_border_radius__hover_enabled=&#8221;off&#8221; button_two_border_radius__hover_enabled=&#8221;off&#8221; button_letter_spacing__hover_enabled=&#8221;on&#8221; button_letter_spacing__hover=&#8221;0&#8243; button_one_letter_spacing__hover_enabled=&#8221;off&#8221; button_two_letter_spacing__hover_enabled=&#8221;off&#8221; button_bg_color__hover_enabled=&#8221;on&#8221; button_bg_color__hover=&#8221;#a6f4ef&#8221; button_one_bg_color__hover_enabled=&#8221;off&#8221; button_two_bg_color__hover_enabled=&#8221;off&#8221;]<\/li>\n<\/ul>\n<\/li>\n<\/ul>\n<p>&nbsp;<\/p>\n<ul>\n<li style=\"list-style-type: none;\">\n<ul>\n<li style=\"list-style-type: none;\">\n<ul>[\/et_pb_button][\/et_pb_column][\/et_pb_row][et_pb_row admin_label=&#8221;Row&#8221; _builder_version=&#8221;4.16&#8243; background_size=&#8221;initial&#8221; background_position=&#8221;top_left&#8221; background_repeat=&#8221;repeat&#8221; global_colors_info=&#8221;{}&#8221;][et_pb_column type=&#8221;4_4&#8243; _builder_version=&#8221;4.16&#8243; custom_padding=&#8221;|||&#8221; global_colors_info=&#8221;{}&#8221; custom_padding__hover=&#8221;|||&#8221;][et_pb_divider color=&#8221;#6b6b6b&#8221; divider_position=&#8221;bottom&#8221; disabled_on=&#8221;off|off|off&#8221; admin_label=&#8221;Divider&#8221; _builder_version=&#8221;4.16&#8243; hide_on_mobile=&#8221;off&#8221; saved_tabs=&#8221;all&#8221; global_colors_info=&#8221;{}&#8221;]<\/ul>\n<\/li>\n<\/ul>\n<\/li>\n<\/ul>\n<p>&nbsp;<\/p>\n<ul>\n<li style=\"list-style-type: none;\">\n<ul>\n<li style=\"list-style-type: none;\">\n<ul>\n<li style=\"list-style-type: none;\">\n<ul>[\/et_pb_divider][et_pb_text admin_label=&#8221;Text&#8221; _builder_version=&#8221;4.27.4&#8243; background_size=&#8221;initial&#8221; background_position=&#8221;top_left&#8221; background_repeat=&#8221;repeat&#8221; hover_enabled=&#8221;0&#8243; use_border_color=&#8221;off&#8221; border_color=&#8221;#ffffff&#8221; border_style=&#8221;solid&#8221; global_colors_info=&#8221;{}&#8221; sticky_enabled=&#8221;0&#8243;]<\/p>\n<p><strong>Si vous aimez nos mises \u00e0 jour, suivez-nous sur notre page\u00a0<a href=\"https:\/\/www.linkedin.com\/company\/5250034\/admin\/\" target=\"_blank\" rel=\"noopener noreferrer\">LinkedIn<\/a>.<\/strong><\/p>\n<ul>\n<li style=\"list-style-type: none;\">\n<ul>\n<li style=\"list-style-type: none;\">\n<ul>\n<li style=\"list-style-type: none;\">\n<ul>\n<li style=\"list-style-type: none;\">\u00a0<\/li>\n<\/ul>\n<\/li>\n<\/ul>\n<\/li>\n<\/ul>\n<\/li>\n<\/ul>\n<p>[\/et_pb_text][et_pb_social_media_follow follow_button=&#8221;on&#8221; admin_label=&#8221;Social Media Follow&#8221; _builder_version=&#8221;4.16&#8243; border_radii=&#8221;on|100%|100%|100%|100%&#8221; link_shape=&#8221;circle&#8221; saved_tabs=&#8221;all&#8221; global_colors_info=&#8221;{}&#8221;][et_pb_social_media_follow_network social_network=&#8221;linkedin&#8221; url=&#8221;https:\/\/www.linkedin.com\/company\/5250034\/admin\/&#8221; _builder_version=&#8221;4.16&#8243; background_color=&#8221;#007bb6&#8243; bg_color=&#8221;#007bb6&#8243; global_colors_info=&#8221;{}&#8221; follow_button=&#8221;on&#8221; url_new_window=&#8221;on&#8221;] LinkedIn [\/et_pb_social_media_follow_network][\/et_pb_social_media_follow][\/et_pb_column][\/et_pb_row][\/et_pb_section]<\/p>\n","protected":false},"excerpt":{"rendered":"<p>Aujourd\u2019hui, nous souhaitons attirer votre attention sur notre onduleur Libra Pro, un syst\u00e8me triphas\u00e9 qui, depuis des ann\u00e9es, se distingue par sa robustesse et sa fiabilit\u00e9. Il repr\u00e9sente le choix id\u00e9al pour prot\u00e9ger m\u00eame les charges les plus critiques. Mais quels sont les atouts majeurs de cet UPS ? &nbsp; Polyvalence et flexibilit\u00e9 L\u2019onduleur Libra [&hellip;]<\/p>\n","protected":false},"author":7,"featured_media":21293,"comment_status":"closed","ping_status":"closed","sticky":false,"template":"","format":"standard","meta":{"_et_pb_use_builder":"on","_et_pb_old_content":"","_et_gb_content_width":"","footnotes":""},"categories":[328],"tags":[],"class_list":["post-21307","post","type-post","status-publish","format-standard","has-post-thumbnail","hentry","category-nouvelles"],"yoast_head":"<!-- This site is optimized with the Yoast SEO plugin v26.5 - https:\/\/yoast.com\/wordpress\/plugins\/seo\/ -->\n<title>LIBRA PRO : puissant, fiable et con\u00e7u pour les charges critiques - Gtec<\/title>\n<meta name=\"robots\" content=\"index, follow, max-snippet:-1, max-image-preview:large, max-video-preview:-1\" \/>\n<link rel=\"canonical\" href=\"https:\/\/gtec-power.eu\/fr\/nouvelles\/libra-pro-puissant-fiable-et-concu-pour-les-charges-critiques\/\" \/>\n<meta property=\"og:locale\" content=\"fr_FR\" \/>\n<meta property=\"og:type\" content=\"article\" \/>\n<meta property=\"og:title\" content=\"LIBRA PRO : puissant, fiable et con\u00e7u pour les charges critiques - Gtec\" \/>\n<meta property=\"og:description\" content=\"Aujourd\u2019hui, nous souhaitons attirer votre attention sur notre onduleur Libra Pro, un syst\u00e8me triphas\u00e9 qui, depuis des ann\u00e9es, se distingue par sa robustesse et sa fiabilit\u00e9. Il repr\u00e9sente le choix id\u00e9al pour prot\u00e9ger m\u00eame les charges les plus critiques. Mais quels sont les atouts majeurs de cet UPS ? &nbsp; Polyvalence et flexibilit\u00e9 L\u2019onduleur Libra [&hellip;]\" \/>\n<meta property=\"og:url\" content=\"https:\/\/gtec-power.eu\/fr\/nouvelles\/libra-pro-puissant-fiable-et-concu-pour-les-charges-critiques\/\" \/>\n<meta property=\"og:site_name\" content=\"Gtec\" \/>\n<meta property=\"article:published_time\" content=\"2025-09-17T15:07:10+00:00\" \/>\n<meta property=\"article:modified_time\" content=\"2025-12-11T11:28:10+00:00\" \/>\n<meta property=\"og:image\" content=\"https:\/\/gtec-power.eu\/wp-content\/uploads\/2025\/09\/Featured-Image_LIBRAPRO.jpg\" \/>\n\t<meta property=\"og:image:width\" content=\"760\" \/>\n\t<meta property=\"og:image:height\" content=\"507\" \/>\n\t<meta property=\"og:image:type\" content=\"image\/jpeg\" \/>\n<meta name=\"author\" content=\"sergio brutti\" \/>\n<meta name=\"twitter:card\" content=\"summary_large_image\" \/>\n<meta name=\"twitter:label1\" content=\"Written by\" \/>\n\t<meta name=\"twitter:data1\" content=\"sergio brutti\" \/>\n\t<meta name=\"twitter:label2\" content=\"Est. reading time\" \/>\n\t<meta name=\"twitter:data2\" content=\"3 minutes\" \/>\n<script type=\"application\/ld+json\" class=\"yoast-schema-graph\">{\"@context\":\"https:\/\/schema.org\",\"@graph\":[{\"@type\":\"WebPage\",\"@id\":\"https:\/\/gtec-power.eu\/fr\/nouvelles\/libra-pro-puissant-fiable-et-concu-pour-les-charges-critiques\/\",\"url\":\"https:\/\/gtec-power.eu\/fr\/nouvelles\/libra-pro-puissant-fiable-et-concu-pour-les-charges-critiques\/\",\"name\":\"LIBRA PRO : puissant, fiable et con\u00e7u pour les charges critiques - Gtec\",\"isPartOf\":{\"@id\":\"https:\/\/gtec-power.eu\/#website\"},\"primaryImageOfPage\":{\"@id\":\"https:\/\/gtec-power.eu\/fr\/nouvelles\/libra-pro-puissant-fiable-et-concu-pour-les-charges-critiques\/#primaryimage\"},\"image\":{\"@id\":\"https:\/\/gtec-power.eu\/fr\/nouvelles\/libra-pro-puissant-fiable-et-concu-pour-les-charges-critiques\/#primaryimage\"},\"thumbnailUrl\":\"https:\/\/gtec-power.eu\/wp-content\/uploads\/2025\/09\/Featured-Image_LIBRAPRO.jpg\",\"datePublished\":\"2025-09-17T15:07:10+00:00\",\"dateModified\":\"2025-12-11T11:28:10+00:00\",\"author\":{\"@id\":\"https:\/\/gtec-power.eu\/#\/schema\/person\/ef95c9cc4a0fe3c7262db06a16400732\"},\"breadcrumb\":{\"@id\":\"https:\/\/gtec-power.eu\/fr\/nouvelles\/libra-pro-puissant-fiable-et-concu-pour-les-charges-critiques\/#breadcrumb\"},\"inLanguage\":\"fr\",\"potentialAction\":[{\"@type\":\"ReadAction\",\"target\":[\"https:\/\/gtec-power.eu\/fr\/nouvelles\/libra-pro-puissant-fiable-et-concu-pour-les-charges-critiques\/\"]}]},{\"@type\":\"ImageObject\",\"inLanguage\":\"fr\",\"@id\":\"https:\/\/gtec-power.eu\/fr\/nouvelles\/libra-pro-puissant-fiable-et-concu-pour-les-charges-critiques\/#primaryimage\",\"url\":\"https:\/\/gtec-power.eu\/wp-content\/uploads\/2025\/09\/Featured-Image_LIBRAPRO.jpg\",\"contentUrl\":\"https:\/\/gtec-power.eu\/wp-content\/uploads\/2025\/09\/Featured-Image_LIBRAPRO.jpg\",\"width\":760,\"height\":507},{\"@type\":\"BreadcrumbList\",\"@id\":\"https:\/\/gtec-power.eu\/fr\/nouvelles\/libra-pro-puissant-fiable-et-concu-pour-les-charges-critiques\/#breadcrumb\",\"itemListElement\":[{\"@type\":\"ListItem\",\"position\":1,\"name\":\"Home\",\"item\":\"https:\/\/gtec-power.eu\/fr\/\"},{\"@type\":\"ListItem\",\"position\":2,\"name\":\"LIBRA PRO : puissant, fiable et con\u00e7u pour les charges critiques\"}]},{\"@type\":\"WebSite\",\"@id\":\"https:\/\/gtec-power.eu\/#website\",\"url\":\"https:\/\/gtec-power.eu\/\",\"name\":\"Gtec\",\"description\":\"Quality Energy Solutions\",\"potentialAction\":[{\"@type\":\"SearchAction\",\"target\":{\"@type\":\"EntryPoint\",\"urlTemplate\":\"https:\/\/gtec-power.eu\/?s={search_term_string}\"},\"query-input\":{\"@type\":\"PropertyValueSpecification\",\"valueRequired\":true,\"valueName\":\"search_term_string\"}}],\"inLanguage\":\"fr\"},{\"@type\":\"Person\",\"@id\":\"https:\/\/gtec-power.eu\/#\/schema\/person\/ef95c9cc4a0fe3c7262db06a16400732\",\"name\":\"sergio brutti\",\"image\":{\"@type\":\"ImageObject\",\"inLanguage\":\"fr\",\"@id\":\"https:\/\/gtec-power.eu\/#\/schema\/person\/image\/\",\"url\":\"https:\/\/secure.gravatar.com\/avatar\/fd4158a8d2b5294a94c65f2b4aa712d23538e482e3eb9a7adbf9b035ef327fa0?s=96&d=mm&r=g\",\"contentUrl\":\"https:\/\/secure.gravatar.com\/avatar\/fd4158a8d2b5294a94c65f2b4aa712d23538e482e3eb9a7adbf9b035ef327fa0?s=96&d=mm&r=g\",\"caption\":\"sergio brutti\"},\"url\":\"https:\/\/gtec-power.eu\/fr\/author\/sergio-bruttigtec-power-eu\/\"}]}<\/script>\n<!-- \/ Yoast SEO plugin. -->","yoast_head_json":{"title":"LIBRA PRO : puissant, fiable et con\u00e7u pour les charges critiques - Gtec","robots":{"index":"index","follow":"follow","max-snippet":"max-snippet:-1","max-image-preview":"max-image-preview:large","max-video-preview":"max-video-preview:-1"},"canonical":"https:\/\/gtec-power.eu\/fr\/nouvelles\/libra-pro-puissant-fiable-et-concu-pour-les-charges-critiques\/","og_locale":"fr_FR","og_type":"article","og_title":"LIBRA PRO : puissant, fiable et con\u00e7u pour les charges critiques - Gtec","og_description":"Aujourd\u2019hui, nous souhaitons attirer votre attention sur notre onduleur Libra Pro, un syst\u00e8me triphas\u00e9 qui, depuis des ann\u00e9es, se distingue par sa robustesse et sa fiabilit\u00e9. Il repr\u00e9sente le choix id\u00e9al pour prot\u00e9ger m\u00eame les charges les plus critiques. Mais quels sont les atouts majeurs de cet UPS ? &nbsp; Polyvalence et flexibilit\u00e9 L\u2019onduleur Libra [&hellip;]","og_url":"https:\/\/gtec-power.eu\/fr\/nouvelles\/libra-pro-puissant-fiable-et-concu-pour-les-charges-critiques\/","og_site_name":"Gtec","article_published_time":"2025-09-17T15:07:10+00:00","article_modified_time":"2025-12-11T11:28:10+00:00","og_image":[{"width":760,"height":507,"url":"https:\/\/gtec-power.eu\/wp-content\/uploads\/2025\/09\/Featured-Image_LIBRAPRO.jpg","type":"image\/jpeg"}],"author":"sergio brutti","twitter_card":"summary_large_image","twitter_misc":{"Written by":"sergio brutti","Est. reading time":"3 minutes"},"schema":{"@context":"https:\/\/schema.org","@graph":[{"@type":"WebPage","@id":"https:\/\/gtec-power.eu\/fr\/nouvelles\/libra-pro-puissant-fiable-et-concu-pour-les-charges-critiques\/","url":"https:\/\/gtec-power.eu\/fr\/nouvelles\/libra-pro-puissant-fiable-et-concu-pour-les-charges-critiques\/","name":"LIBRA PRO : puissant, fiable et con\u00e7u pour les charges critiques - Gtec","isPartOf":{"@id":"https:\/\/gtec-power.eu\/#website"},"primaryImageOfPage":{"@id":"https:\/\/gtec-power.eu\/fr\/nouvelles\/libra-pro-puissant-fiable-et-concu-pour-les-charges-critiques\/#primaryimage"},"image":{"@id":"https:\/\/gtec-power.eu\/fr\/nouvelles\/libra-pro-puissant-fiable-et-concu-pour-les-charges-critiques\/#primaryimage"},"thumbnailUrl":"https:\/\/gtec-power.eu\/wp-content\/uploads\/2025\/09\/Featured-Image_LIBRAPRO.jpg","datePublished":"2025-09-17T15:07:10+00:00","dateModified":"2025-12-11T11:28:10+00:00","author":{"@id":"https:\/\/gtec-power.eu\/#\/schema\/person\/ef95c9cc4a0fe3c7262db06a16400732"},"breadcrumb":{"@id":"https:\/\/gtec-power.eu\/fr\/nouvelles\/libra-pro-puissant-fiable-et-concu-pour-les-charges-critiques\/#breadcrumb"},"inLanguage":"fr","potentialAction":[{"@type":"ReadAction","target":["https:\/\/gtec-power.eu\/fr\/nouvelles\/libra-pro-puissant-fiable-et-concu-pour-les-charges-critiques\/"]}]},{"@type":"ImageObject","inLanguage":"fr","@id":"https:\/\/gtec-power.eu\/fr\/nouvelles\/libra-pro-puissant-fiable-et-concu-pour-les-charges-critiques\/#primaryimage","url":"https:\/\/gtec-power.eu\/wp-content\/uploads\/2025\/09\/Featured-Image_LIBRAPRO.jpg","contentUrl":"https:\/\/gtec-power.eu\/wp-content\/uploads\/2025\/09\/Featured-Image_LIBRAPRO.jpg","width":760,"height":507},{"@type":"BreadcrumbList","@id":"https:\/\/gtec-power.eu\/fr\/nouvelles\/libra-pro-puissant-fiable-et-concu-pour-les-charges-critiques\/#breadcrumb","itemListElement":[{"@type":"ListItem","position":1,"name":"Home","item":"https:\/\/gtec-power.eu\/fr\/"},{"@type":"ListItem","position":2,"name":"LIBRA PRO : puissant, fiable et con\u00e7u pour les charges critiques"}]},{"@type":"WebSite","@id":"https:\/\/gtec-power.eu\/#website","url":"https:\/\/gtec-power.eu\/","name":"Gtec","description":"Quality Energy Solutions","potentialAction":[{"@type":"SearchAction","target":{"@type":"EntryPoint","urlTemplate":"https:\/\/gtec-power.eu\/?s={search_term_string}"},"query-input":{"@type":"PropertyValueSpecification","valueRequired":true,"valueName":"search_term_string"}}],"inLanguage":"fr"},{"@type":"Person","@id":"https:\/\/gtec-power.eu\/#\/schema\/person\/ef95c9cc4a0fe3c7262db06a16400732","name":"sergio brutti","image":{"@type":"ImageObject","inLanguage":"fr","@id":"https:\/\/gtec-power.eu\/#\/schema\/person\/image\/","url":"https:\/\/secure.gravatar.com\/avatar\/fd4158a8d2b5294a94c65f2b4aa712d23538e482e3eb9a7adbf9b035ef327fa0?s=96&d=mm&r=g","contentUrl":"https:\/\/secure.gravatar.com\/avatar\/fd4158a8d2b5294a94c65f2b4aa712d23538e482e3eb9a7adbf9b035ef327fa0?s=96&d=mm&r=g","caption":"sergio brutti"},"url":"https:\/\/gtec-power.eu\/fr\/author\/sergio-bruttigtec-power-eu\/"}]}},"_links":{"self":[{"href":"https:\/\/gtec-power.eu\/fr\/wp-json\/wp\/v2\/posts\/21307","targetHints":{"allow":["GET"]}}],"collection":[{"href":"https:\/\/gtec-power.eu\/fr\/wp-json\/wp\/v2\/posts"}],"about":[{"href":"https:\/\/gtec-power.eu\/fr\/wp-json\/wp\/v2\/types\/post"}],"author":[{"embeddable":true,"href":"https:\/\/gtec-power.eu\/fr\/wp-json\/wp\/v2\/users\/7"}],"replies":[{"embeddable":true,"href":"https:\/\/gtec-power.eu\/fr\/wp-json\/wp\/v2\/comments?post=21307"}],"version-history":[{"count":3,"href":"https:\/\/gtec-power.eu\/fr\/wp-json\/wp\/v2\/posts\/21307\/revisions"}],"predecessor-version":[{"id":21452,"href":"https:\/\/gtec-power.eu\/fr\/wp-json\/wp\/v2\/posts\/21307\/revisions\/21452"}],"wp:featuredmedia":[{"embeddable":true,"href":"https:\/\/gtec-power.eu\/fr\/wp-json\/wp\/v2\/media\/21293"}],"wp:attachment":[{"href":"https:\/\/gtec-power.eu\/fr\/wp-json\/wp\/v2\/media?parent=21307"}],"wp:term":[{"taxonomy":"category","embeddable":true,"href":"https:\/\/gtec-power.eu\/fr\/wp-json\/wp\/v2\/categories?post=21307"},{"taxonomy":"post_tag","embeddable":true,"href":"https:\/\/gtec-power.eu\/fr\/wp-json\/wp\/v2\/tags?post=21307"}],"curies":[{"name":"wp","href":"https:\/\/api.w.org\/{rel}","templated":true}]}}